{"id":1781,"date":"2026-04-28T16:04:32","date_gmt":"2026-04-28T15:04:32","guid":{"rendered":"https:\/\/www.wa2.se\/kontoret\/?p=1781"},"modified":"2026-04-29T09:35:44","modified_gmt":"2026-04-29T08:35:44","slug":"stegeholms-slottsruin","status":"publish","type":"post","link":"https:\/\/www.wa2.se\/kontoret\/arkitektur\/stegeholms-slottsruin\/","title":{"rendered":"Stegeholms slottsruin"},"content":{"rendered":"\n<figure class=\"wp-block-image size-large\"><img loading=\"lazy\" decoding=\"async\" width=\"1024\" height=\"683\" src=\"https:\/\/www.wa2.se\/kontoret\/wp-content\/uploads\/2026\/04\/FFXO7103-kopia-1024x683.jpg\" alt=\"\" class=\"wp-image-1831\" srcset=\"https:\/\/www.wa2.se\/kontoret\/wp-content\/uploads\/2026\/04\/FFXO7103-kopia-1024x683.jpg 1024w, https:\/\/www.wa2.se\/kontoret\/wp-content\/uploads\/2026\/04\/FFXO7103-kopia-300x200.jpg 300w, https:\/\/www.wa2.se\/kontoret\/wp-content\/uploads\/2026\/04\/FFXO7103-kopia-768x512.jpg 768w, https:\/\/www.wa2.se\/kontoret\/wp-content\/uploads\/2026\/04\/FFXO7103-kopia-1536x1024.jpg 1536w, https:\/\/www.wa2.se\/kontoret\/wp-content\/uploads\/2026\/04\/FFXO7103-kopia-2048x1365.jpg 2048w, https:\/\/www.wa2.se\/kontoret\/wp-content\/uploads\/2026\/04\/FFXO7103-kopia-390x261.jpg 390w\" sizes=\"auto, (max-width: 1024px) 100vw, 1024px\" \/><\/figure>\n\n\n\n<p>\u00c5t V\u00e4sterviks kommun har Wilund arkitekter och antikvarier under \u00e5ren ritat och projekterat flera mindre \u00e5tg\u00e4rder f\u00f6r Stegeholms slottsruin, centralt i V\u00e4sterviks inlopp. Den medeltida ruinen \u00e4r ett lagskyddat fornminne, och anv\u00e4nds varje sommar f\u00f6r konserter och som spelplats f\u00f6r Visfestivalen.<\/p>\n\n\n\n<figure class=\"wp-block-image size-large\"><img loading=\"lazy\" decoding=\"async\" width=\"1024\" height=\"768\" src=\"https:\/\/www.wa2.se\/kontoret\/wp-content\/uploads\/2026\/04\/image1-1024x768.jpeg\" alt=\"\" class=\"wp-image-1832\" srcset=\"https:\/\/www.wa2.se\/kontoret\/wp-content\/uploads\/2026\/04\/image1-1024x768.jpeg 1024w, https:\/\/www.wa2.se\/kontoret\/wp-content\/uploads\/2026\/04\/image1-300x225.jpeg 300w, https:\/\/www.wa2.se\/kontoret\/wp-content\/uploads\/2026\/04\/image1-768x576.jpeg 768w, https:\/\/www.wa2.se\/kontoret\/wp-content\/uploads\/2026\/04\/image1-1536x1152.jpeg 1536w, https:\/\/www.wa2.se\/kontoret\/wp-content\/uploads\/2026\/04\/image1-rotated.jpeg 2016w\" sizes=\"auto, (max-width: 1024px) 100vw, 1024px\" \/><\/figure>\n\n\n\n<p>N\u00e4r ruinen anv\u00e4nds f\u00f6r evenemang byggs ibland stora grad\u00e4nger och st\u00e4llningar upp f\u00f6r publiken. F\u00f6r att s\u00e4kerst\u00e4lla att de medeltida skalmurarna inte skadas har Wilund arkitekter och antikvarier utf\u00f6rt en omfattande utredning av murarnas skick och uppbyggnad. Bl.a. har laster kontrollr\u00e4knats av konstrukt\u00f6r och murarna har unders\u00f6kts b\u00e5de okul\u00e4rt och med markradar. Unders\u00f6kningarna har dels informerat hur st\u00e4llningarna byggs och placeras, dels utgjort grund f\u00f6r punktvisa underh\u00e5lls\u00e5tg\u00e4rder p\u00e5 det medeltida murverket.<\/p>\n\n\n\n<figure class=\"wp-block-image size-large\"><img loading=\"lazy\" decoding=\"async\" width=\"1024\" height=\"683\" src=\"https:\/\/www.wa2.se\/kontoret\/wp-content\/uploads\/2026\/04\/FFXO7107-kopia-1024x683.jpg\" alt=\"\" class=\"wp-image-1833\" srcset=\"https:\/\/www.wa2.se\/kontoret\/wp-content\/uploads\/2026\/04\/FFXO7107-kopia-1024x683.jpg 1024w, https:\/\/www.wa2.se\/kontoret\/wp-content\/uploads\/2026\/04\/FFXO7107-kopia-300x200.jpg 300w, https:\/\/www.wa2.se\/kontoret\/wp-content\/uploads\/2026\/04\/FFXO7107-kopia-768x512.jpg 768w, https:\/\/www.wa2.se\/kontoret\/wp-content\/uploads\/2026\/04\/FFXO7107-kopia-1536x1024.jpg 1536w, https:\/\/www.wa2.se\/kontoret\/wp-content\/uploads\/2026\/04\/FFXO7107-kopia-2048x1365.jpg 2048w, https:\/\/www.wa2.se\/kontoret\/wp-content\/uploads\/2026\/04\/FFXO7107-kopia-390x261.jpg 390w\" sizes=\"auto, (max-width: 1024px) 100vw, 1024px\" \/><\/figure>\n\n\n\n<p>F\u00f6r att uppfylla utrymningskrav utf\u00f6rdes en specialtillverkad permanent utrymningstrappa med minimal anliggning och belastning p\u00e5 det \u00e4ldre murverket. Trappan utf\u00f6rdes av cortenst\u00e5l och svensk ek. Gestaltningsm\u00e4ssigt ansluter trappan till den permanenta scenplattform Wilund arkitekter och antikvarier ritade f\u00f6r ett antal \u00e5r sedan. Trappan utf\u00f6rdes av Kanonaden bygg.<\/p>\n\n\n\n<figure class=\"wp-block-image size-large\"><img loading=\"lazy\" decoding=\"async\" width=\"1024\" height=\"683\" src=\"https:\/\/www.wa2.se\/kontoret\/wp-content\/uploads\/2026\/04\/FFXO7108-kopia-1024x683.jpg\" alt=\"\" class=\"wp-image-1834\" srcset=\"https:\/\/www.wa2.se\/kontoret\/wp-content\/uploads\/2026\/04\/FFXO7108-kopia-1024x683.jpg 1024w, https:\/\/www.wa2.se\/kontoret\/wp-content\/uploads\/2026\/04\/FFXO7108-kopia-300x200.jpg 300w, https:\/\/www.wa2.se\/kontoret\/wp-content\/uploads\/2026\/04\/FFXO7108-kopia-768x512.jpg 768w, https:\/\/www.wa2.se\/kontoret\/wp-content\/uploads\/2026\/04\/FFXO7108-kopia-1536x1024.jpg 1536w, https:\/\/www.wa2.se\/kontoret\/wp-content\/uploads\/2026\/04\/FFXO7108-kopia-2048x1365.jpg 2048w, https:\/\/www.wa2.se\/kontoret\/wp-content\/uploads\/2026\/04\/FFXO7108-kopia-390x261.jpg 390w\" sizes=\"auto, (max-width: 1024px) 100vw, 1024px\" \/><\/figure>\n\n\n\n<p>Trappan \u00e4r utf\u00f6rd i en modern teknik med gedigna material och en h\u00f6g detaljering.<\/p>\n\n\n\n<figure class=\"wp-block-image size-large\"><img loading=\"lazy\" decoding=\"async\" width=\"1024\" height=\"683\" src=\"https:\/\/www.wa2.se\/kontoret\/wp-content\/uploads\/2026\/04\/FFXO7099-kopia-1024x683.jpg\" alt=\"\" class=\"wp-image-1835\" srcset=\"https:\/\/www.wa2.se\/kontoret\/wp-content\/uploads\/2026\/04\/FFXO7099-kopia-1024x683.jpg 1024w, https:\/\/www.wa2.se\/kontoret\/wp-content\/uploads\/2026\/04\/FFXO7099-kopia-300x200.jpg 300w, https:\/\/www.wa2.se\/kontoret\/wp-content\/uploads\/2026\/04\/FFXO7099-kopia-768x512.jpg 768w, https:\/\/www.wa2.se\/kontoret\/wp-content\/uploads\/2026\/04\/FFXO7099-kopia-1536x1024.jpg 1536w, https:\/\/www.wa2.se\/kontoret\/wp-content\/uploads\/2026\/04\/FFXO7099-kopia-2048x1365.jpg 2048w, https:\/\/www.wa2.se\/kontoret\/wp-content\/uploads\/2026\/04\/FFXO7099-kopia-390x261.jpg 390w\" sizes=\"auto, (max-width: 1024px) 100vw, 1024px\" \/><\/figure>\n\n\n\n<p>Uppe p\u00e5 muren ges utrymme f\u00f6r en kombinerad utsiktsplattform och vilplan.<\/p>\n\n\n\n<figure class=\"wp-block-image size-large\"><img loading=\"lazy\" decoding=\"async\" width=\"1024\" height=\"683\" src=\"https:\/\/www.wa2.se\/kontoret\/wp-content\/uploads\/2026\/04\/FFXO7100-kopia-1024x683.jpg\" alt=\"\" class=\"wp-image-1836\" srcset=\"https:\/\/www.wa2.se\/kontoret\/wp-content\/uploads\/2026\/04\/FFXO7100-kopia-1024x683.jpg 1024w, https:\/\/www.wa2.se\/kontoret\/wp-content\/uploads\/2026\/04\/FFXO7100-kopia-300x200.jpg 300w, https:\/\/www.wa2.se\/kontoret\/wp-content\/uploads\/2026\/04\/FFXO7100-kopia-768x512.jpg 768w, https:\/\/www.wa2.se\/kontoret\/wp-content\/uploads\/2026\/04\/FFXO7100-kopia-1536x1024.jpg 1536w, https:\/\/www.wa2.se\/kontoret\/wp-content\/uploads\/2026\/04\/FFXO7100-kopia-2048x1365.jpg 2048w, https:\/\/www.wa2.se\/kontoret\/wp-content\/uploads\/2026\/04\/FFXO7100-kopia-390x261.jpg 390w\" sizes=\"auto, (max-width: 1024px) 100vw, 1024px\" \/><\/figure>\n\n\n\n<p>Anliggning p\u00e5 muren har h\u00e5llits till ett minimum.<\/p>\n\n\n\n<figure class=\"wp-block-image size-large\"><img loading=\"lazy\" decoding=\"async\" width=\"683\" height=\"1024\" src=\"https:\/\/www.wa2.se\/kontoret\/wp-content\/uploads\/2026\/04\/FFXO7101-kopia-683x1024.jpg\" alt=\"\" class=\"wp-image-1837\" srcset=\"https:\/\/www.wa2.se\/kontoret\/wp-content\/uploads\/2026\/04\/FFXO7101-kopia-683x1024.jpg 683w, https:\/\/www.wa2.se\/kontoret\/wp-content\/uploads\/2026\/04\/FFXO7101-kopia-200x300.jpg 200w, https:\/\/www.wa2.se\/kontoret\/wp-content\/uploads\/2026\/04\/FFXO7101-kopia-768x1152.jpg 768w, https:\/\/www.wa2.se\/kontoret\/wp-content\/uploads\/2026\/04\/FFXO7101-kopia-1024x1536.jpg 1024w, https:\/\/www.wa2.se\/kontoret\/wp-content\/uploads\/2026\/04\/FFXO7101-kopia-1365x2048.jpg 1365w, https:\/\/www.wa2.se\/kontoret\/wp-content\/uploads\/2026\/04\/FFXO7101-kopia-scaled.jpg 1707w\" sizes=\"auto, (max-width: 683px) 100vw, 683px\" \/><\/figure>\n\n\n\n<p>Innanf\u00f6r muren landar trappan p\u00e5 en tillkapad k\u00f6rpl\u00e5t. P\u00e5 grund av skyddet som fornl\u00e4mning samt det arkeologiska v\u00e4rdet har ingen grundl\u00e4ggning utf\u00f6rts h\u00e4r.<\/p>\n\n\n\n<figure class=\"wp-block-image size-large\"><img loading=\"lazy\" decoding=\"async\" width=\"1024\" height=\"768\" src=\"https:\/\/www.wa2.se\/kontoret\/wp-content\/uploads\/2026\/04\/FFXO7089-kopia-kopia-1024x768.jpg\" alt=\"\" class=\"wp-image-1842\" srcset=\"https:\/\/www.wa2.se\/kontoret\/wp-content\/uploads\/2026\/04\/FFXO7089-kopia-kopia-1024x768.jpg 1024w, https:\/\/www.wa2.se\/kontoret\/wp-content\/uploads\/2026\/04\/FFXO7089-kopia-kopia-300x225.jpg 300w, https:\/\/www.wa2.se\/kontoret\/wp-content\/uploads\/2026\/04\/FFXO7089-kopia-kopia-768x576.jpg 768w, https:\/\/www.wa2.se\/kontoret\/wp-content\/uploads\/2026\/04\/FFXO7089-kopia-kopia-1536x1152.jpg 1536w, https:\/\/www.wa2.se\/kontoret\/wp-content\/uploads\/2026\/04\/FFXO7089-kopia-kopia-2048x1536.jpg 2048w\" sizes=\"auto, (max-width: 1024px) 100vw, 1024px\" \/><\/figure>\n\n\n\n<figure class=\"wp-block-image size-large\"><img loading=\"lazy\" decoding=\"async\" width=\"1024\" height=\"768\" src=\"https:\/\/www.wa2.se\/kontoret\/wp-content\/uploads\/2026\/03\/image0-1024x768.jpeg\" alt=\"\" class=\"wp-image-1782\" srcset=\"https:\/\/www.wa2.se\/kontoret\/wp-content\/uploads\/2026\/03\/image0-1024x768.jpeg 1024w, https:\/\/www.wa2.se\/kontoret\/wp-content\/uploads\/2026\/03\/image0-300x225.jpeg 300w, https:\/\/www.wa2.se\/kontoret\/wp-content\/uploads\/2026\/03\/image0-768x576.jpeg 768w, https:\/\/www.wa2.se\/kontoret\/wp-content\/uploads\/2026\/03\/image0-1536x1152.jpeg 1536w, https:\/\/www.wa2.se\/kontoret\/wp-content\/uploads\/2026\/03\/image0-rotated.jpeg 2016w\" sizes=\"auto, (max-width: 1024px) 100vw, 1024px\" \/><\/figure>\n\n\n\n<p>Vi har \u00e4ven gjort f\u00f6rlagorna f\u00f6r taktila modeller \u00f6ver ruinen och den medeltida borgens f\u00f6rmodade utseende. F\u00f6rlagorna modellerades upp i lera efter uppm\u00e4tningar p\u00e5 plats och de rekonstruktionsf\u00f6rs\u00f6k som gjorts av bl.a. Erik Lundberg och Armin Tuulse. Modellerna g\u00f6ts sedan i brons av det v\u00e4lk\u00e4nda Herman Bergmans konstgjuteri i Stockholm.<\/p>\n\n\n\n<figure class=\"wp-block-image size-large\"><img loading=\"lazy\" decoding=\"async\" width=\"1024\" height=\"683\" src=\"https:\/\/www.wa2.se\/kontoret\/wp-content\/uploads\/2026\/04\/FFXO7106-kopia-1024x683.jpg\" alt=\"\" class=\"wp-image-1841\" srcset=\"https:\/\/www.wa2.se\/kontoret\/wp-content\/uploads\/2026\/04\/FFXO7106-kopia-1024x683.jpg 1024w, https:\/\/www.wa2.se\/kontoret\/wp-content\/uploads\/2026\/04\/FFXO7106-kopia-300x200.jpg 300w, https:\/\/www.wa2.se\/kontoret\/wp-content\/uploads\/2026\/04\/FFXO7106-kopia-768x512.jpg 768w, https:\/\/www.wa2.se\/kontoret\/wp-content\/uploads\/2026\/04\/FFXO7106-kopia-1536x1024.jpg 1536w, https:\/\/www.wa2.se\/kontoret\/wp-content\/uploads\/2026\/04\/FFXO7106-kopia-2048x1365.jpg 2048w, https:\/\/www.wa2.se\/kontoret\/wp-content\/uploads\/2026\/04\/FFXO7106-kopia-390x261.jpg 390w\" sizes=\"auto, (max-width: 1024px) 100vw, 1024px\" \/><\/figure>\n\n\n\n<p>Podium i cortenst\u00e5l samt informationstavla om ruinen.<\/p>\n\n\n\n<p><\/p>\n","protected":false},"excerpt":{"rendered":"<p>\u00c5t V\u00e4sterviks kommun har Wilund arkitekter och antikvarier under \u00e5ren ritat och projekterat flera mindre \u00e5tg\u00e4rder f\u00f6r Stegeholms slottsruin, centralt i V\u00e4sterviks inlopp. Den medeltida ruinen \u00e4r ett lagskyddat fornminne, och anv\u00e4nds varje sommar f\u00f6r konserter och som spelplats f\u00f6r Visfestivalen. N\u00e4r ruinen anv\u00e4nds f\u00f6r evenemang byggs ibland stora grad\u00e4nger och st\u00e4llningar upp f\u00f6r publiken. F\u00f6r att s\u00e4kerst\u00e4lla att de medeltida skalmurarna inte skadas har Wilund arkitekter och antikvarier utf\u00f6rt en omfattande utredning av murarnas skick och uppbyggnad. Bl.a. har laster kontrollr\u00e4knats av konstrukt\u00f6r och murarna har unders\u00f6kts b\u00e5de okul\u00e4rt och med markradar. Unders\u00f6kningarna har dels informerat hur st\u00e4llningarna byggs <a class=\"more-link\" href=\"https:\/\/www.wa2.se\/kontoret\/arkitektur\/stegeholms-slottsruin\/\">Forts&auml;ttning &rarr;<\/a><\/p>\n","protected":false},"author":2,"featured_media":1831,"comment_status":"closed","ping_status":"closed","sticky":false,"template":"","format":"standard","meta":{"footnotes":""},"categories":[71,7,59,35,1,32,31,13,38,66,8,5,14,63,74,62,73],"tags":[],"class_list":["post-1781","post","type-post","status-publish","format-standard","has-post-thumbnail","hentry","category-aktuellt","category-antikvarier","category-antikvarisk-medverkan-enl-kml","category-sakkunnig","category-arkitektur","category-fornminne","category-k_markt","category-landskapsarkitektur","category-mur","category-post","category-projektering","category-restaurering","category-ruiner","category-slott","category-smaland","category-uppmatning-3d-uppmatning","category-vastervik"],"_links":{"self":[{"href":"https:\/\/www.wa2.se\/kontoret\/wp-json\/wp\/v2\/posts\/1781","targetHints":{"allow":["GET"]}}],"collection":[{"href":"https:\/\/www.wa2.se\/kontoret\/wp-json\/wp\/v2\/posts"}],"about":[{"href":"https:\/\/www.wa2.se\/kontoret\/wp-json\/wp\/v2\/types\/post"}],"author":[{"embeddable":true,"href":"https:\/\/www.wa2.se\/kontoret\/wp-json\/wp\/v2\/users\/2"}],"replies":[{"embeddable":true,"href":"https:\/\/www.wa2.se\/kontoret\/wp-json\/wp\/v2\/comments?post=1781"}],"version-history":[{"count":2,"href":"https:\/\/www.wa2.se\/kontoret\/wp-json\/wp\/v2\/posts\/1781\/revisions"}],"predecessor-version":[{"id":1843,"href":"https:\/\/www.wa2.se\/kontoret\/wp-json\/wp\/v2\/posts\/1781\/revisions\/1843"}],"wp:featuredmedia":[{"embeddable":true,"href":"https:\/\/www.wa2.se\/kontoret\/wp-json\/wp\/v2\/media\/1831"}],"wp:attachment":[{"href":"https:\/\/www.wa2.se\/kontoret\/wp-json\/wp\/v2\/media?parent=1781"}],"wp:term":[{"taxonomy":"category","embeddable":true,"href":"https:\/\/www.wa2.se\/kontoret\/wp-json\/wp\/v2\/categories?post=1781"},{"taxonomy":"post_tag","embeddable":true,"href":"https:\/\/www.wa2.se\/kontoret\/wp-json\/wp\/v2\/tags?post=1781"}],"curies":[{"name":"wp","href":"https:\/\/api.w.org\/{rel}","templated":true}]}}