{"id":1845,"date":"2026-04-29T15:22:53","date_gmt":"2026-04-29T14:22:53","guid":{"rendered":"https:\/\/www.wa2.se\/kontoret\/?p=1845"},"modified":"2026-04-29T15:26:23","modified_gmt":"2026-04-29T14:26:23","slug":"stenvalvsbron-vid-kvarns-herrgard","status":"publish","type":"post","link":"https:\/\/www.wa2.se\/kontoret\/restaurering\/stenvalvsbron-vid-kvarns-herrgard\/","title":{"rendered":"Stenvalvsbron vid Kvarns herrg\u00e5rd"},"content":{"rendered":"\n<figure class=\"wp-block-image size-large\"><img loading=\"lazy\" decoding=\"async\" width=\"1024\" height=\"683\" src=\"https:\/\/www.wa2.se\/kontoret\/wp-content\/uploads\/2026\/04\/D5O_7590-kopia-1024x683.jpg\" alt=\"\" class=\"wp-image-1849\" srcset=\"https:\/\/www.wa2.se\/kontoret\/wp-content\/uploads\/2026\/04\/D5O_7590-kopia-1024x683.jpg 1024w, https:\/\/www.wa2.se\/kontoret\/wp-content\/uploads\/2026\/04\/D5O_7590-kopia-300x200.jpg 300w, https:\/\/www.wa2.se\/kontoret\/wp-content\/uploads\/2026\/04\/D5O_7590-kopia-768x512.jpg 768w, https:\/\/www.wa2.se\/kontoret\/wp-content\/uploads\/2026\/04\/D5O_7590-kopia-1536x1024.jpg 1536w, https:\/\/www.wa2.se\/kontoret\/wp-content\/uploads\/2026\/04\/D5O_7590-kopia-2048x1365.jpg 2048w, https:\/\/www.wa2.se\/kontoret\/wp-content\/uploads\/2026\/04\/D5O_7590-kopia-390x261.jpg 390w\" sizes=\"auto, (max-width: 1024px) 100vw, 1024px\" \/><\/figure>\n\n\n\n<p>P\u00e5 uppdrag av fastighets\u00e4garen har Wilund arkitekter och antikvarier projekterat och medverkat i en restaurering av stenvalvsbron vid Kvarns herrg\u00e5rd. Bron \u00e4r skyddad som fornl\u00e4mning och en del av den industrihistoriska milj\u00f6n vid Kvarn. Arbetena utf\u00f6rdes delvis med bidrag fr\u00e5n L\u00e4nsstyrelsen.<\/p>\n\n\n\n<figure class=\"wp-block-image size-large\"><img loading=\"lazy\" decoding=\"async\" width=\"1024\" height=\"683\" src=\"https:\/\/www.wa2.se\/kontoret\/wp-content\/uploads\/2026\/04\/WA2_5743-kopia-1024x683.jpg\" alt=\"\" class=\"wp-image-1850\" srcset=\"https:\/\/www.wa2.se\/kontoret\/wp-content\/uploads\/2026\/04\/WA2_5743-kopia-1024x683.jpg 1024w, https:\/\/www.wa2.se\/kontoret\/wp-content\/uploads\/2026\/04\/WA2_5743-kopia-300x200.jpg 300w, https:\/\/www.wa2.se\/kontoret\/wp-content\/uploads\/2026\/04\/WA2_5743-kopia-768x512.jpg 768w, https:\/\/www.wa2.se\/kontoret\/wp-content\/uploads\/2026\/04\/WA2_5743-kopia-1536x1024.jpg 1536w, https:\/\/www.wa2.se\/kontoret\/wp-content\/uploads\/2026\/04\/WA2_5743-kopia-2048x1365.jpg 2048w, https:\/\/www.wa2.se\/kontoret\/wp-content\/uploads\/2026\/04\/WA2_5743-kopia-390x261.jpg 390w\" sizes=\"auto, (max-width: 1024px) 100vw, 1024px\" \/><\/figure>\n\n\n\n<p>Bron \u00e4r ca 40 m l\u00e5ng, kallmurad och har tv\u00e5 valv. Den utg\u00f6r b\u00e5de bro och f\u00f6rd\u00e4mning. Historiskt har f\u00f6rd\u00e4mningen anv\u00e4nts f\u00f6r att driva b\u00e5de kvarn, s\u00e5g och hammare vid Kvarn. Den nuvarande brons \u00e5lder \u00e4r inte n\u00e4rmare k\u00e4nd, men den uppvisar flera olika murverk samt ankarj\u00e4rn av olika \u00e5lder, och den har d\u00e4rf\u00f6r sannolikt byggts om eller reparerats vid flera tillf\u00e4llen. De delar som l\u00e5ter sig dateras \u00e4r fr\u00e5n olika tider. Ankarj\u00e4rn bed\u00f6ms vara fr\u00e5n runt \u00e5r 1700 och fr\u00e5n tiden runt \u00e5r 1800, medan de mer bearbetade stenarna i brons \u00f6vre del bed\u00f6ms vara fr\u00e5n 1800-talets mitt. Nyttjandet av vattenkraften vid Kvarn \u00e4r dock belagt dokumentariskt \u00e5tminstone sedan 1500-talet. F\u00f6rmodligen kommer namnet p\u00e5 platsen, Kvarn, av att platsen var l\u00e4mpad f\u00f6r vattendrivna kvarnar.<\/p>\n\n\n\n<figure class=\"wp-block-image size-large\"><img loading=\"lazy\" decoding=\"async\" width=\"1024\" height=\"683\" src=\"https:\/\/www.wa2.se\/kontoret\/wp-content\/uploads\/2026\/04\/WA2_5752-kopia-1024x683.jpg\" alt=\"\" class=\"wp-image-1851\" srcset=\"https:\/\/www.wa2.se\/kontoret\/wp-content\/uploads\/2026\/04\/WA2_5752-kopia-1024x683.jpg 1024w, https:\/\/www.wa2.se\/kontoret\/wp-content\/uploads\/2026\/04\/WA2_5752-kopia-300x200.jpg 300w, https:\/\/www.wa2.se\/kontoret\/wp-content\/uploads\/2026\/04\/WA2_5752-kopia-768x512.jpg 768w, https:\/\/www.wa2.se\/kontoret\/wp-content\/uploads\/2026\/04\/WA2_5752-kopia-1536x1024.jpg 1536w, https:\/\/www.wa2.se\/kontoret\/wp-content\/uploads\/2026\/04\/WA2_5752-kopia-2048x1365.jpg 2048w, https:\/\/www.wa2.se\/kontoret\/wp-content\/uploads\/2026\/04\/WA2_5752-kopia-390x261.jpg 390w\" sizes=\"auto, (max-width: 1024px) 100vw, 1024px\" \/><\/figure>\n\n\n\n<p>Bron \u00e4r alltj\u00e4mt i bruk som b\u00e5de f\u00f6rd\u00e4mning och v\u00e4gbro. Idag drivs ett mindre vattenkraftverk av vattnet,men  varken kvarn, hammare eller s\u00e5g finns kvar vid Kvarn. Platsen \u00e4r dock b\u00e5de natursk\u00f6n och bjuder p\u00e5 v\u00e4l synliga l\u00e4mningar av de tidigare anl\u00e4ggningarna. Bron och f\u00f6rd\u00e4mningen vid Kvarn utg\u00f6r ett intressant exempel p\u00e5 en l\u00e5ngvarig och diversifierad protoindustriell anl\u00e4ggning f\u00f6r nyttjande av vattenkraft f\u00f6r olika verksamheter.<\/p>\n\n\n\n<figure class=\"wp-block-image size-large\"><img loading=\"lazy\" decoding=\"async\" width=\"1024\" height=\"683\" src=\"https:\/\/www.wa2.se\/kontoret\/wp-content\/uploads\/2026\/04\/D5O_7742-kopia-1-1024x683.jpg\" alt=\"\" class=\"wp-image-1856\" srcset=\"https:\/\/www.wa2.se\/kontoret\/wp-content\/uploads\/2026\/04\/D5O_7742-kopia-1-1024x683.jpg 1024w, https:\/\/www.wa2.se\/kontoret\/wp-content\/uploads\/2026\/04\/D5O_7742-kopia-1-300x200.jpg 300w, https:\/\/www.wa2.se\/kontoret\/wp-content\/uploads\/2026\/04\/D5O_7742-kopia-1-768x512.jpg 768w, https:\/\/www.wa2.se\/kontoret\/wp-content\/uploads\/2026\/04\/D5O_7742-kopia-1-1536x1024.jpg 1536w, https:\/\/www.wa2.se\/kontoret\/wp-content\/uploads\/2026\/04\/D5O_7742-kopia-1-2048x1365.jpg 2048w, https:\/\/www.wa2.se\/kontoret\/wp-content\/uploads\/2026\/04\/D5O_7742-kopia-1-390x261.jpg 390w\" sizes=\"auto, (max-width: 1024px) 100vw, 1024px\" \/><\/figure>\n\n\n\n<p>Projektet omfattade konstruktiva \u00e5tg\u00e4rder med partiell oml\u00e4ggning av murmantlar inklusive murk\u00e4rna, kontroll av stenvalv samt justering av dessa, kontroll av dragj\u00e4rn och ankarslutar\/ankarj\u00e4rn.<\/p>\n\n\n\n<figure class=\"wp-block-image size-large\"><img loading=\"lazy\" decoding=\"async\" width=\"1024\" height=\"683\" src=\"https:\/\/www.wa2.se\/kontoret\/wp-content\/uploads\/2026\/04\/D5O_7807-kopia-1024x683.jpg\" alt=\"\" class=\"wp-image-1857\" srcset=\"https:\/\/www.wa2.se\/kontoret\/wp-content\/uploads\/2026\/04\/D5O_7807-kopia-1024x683.jpg 1024w, https:\/\/www.wa2.se\/kontoret\/wp-content\/uploads\/2026\/04\/D5O_7807-kopia-300x200.jpg 300w, https:\/\/www.wa2.se\/kontoret\/wp-content\/uploads\/2026\/04\/D5O_7807-kopia-768x512.jpg 768w, https:\/\/www.wa2.se\/kontoret\/wp-content\/uploads\/2026\/04\/D5O_7807-kopia-1536x1024.jpg 1536w, https:\/\/www.wa2.se\/kontoret\/wp-content\/uploads\/2026\/04\/D5O_7807-kopia-2048x1365.jpg 2048w, https:\/\/www.wa2.se\/kontoret\/wp-content\/uploads\/2026\/04\/D5O_7807-kopia-390x261.jpg 390w\" sizes=\"auto, (max-width: 1024px) 100vw, 1024px\" \/><\/figure>\n\n\n\n<p>V\u00e4gbanan, brons &#8221;tak&#8221; beh\u00f6vde \u00e4ven renoveras f\u00f6r b\u00e4ttre avrinning och ny underbyggnad.<\/p>\n\n\n\n<figure class=\"wp-block-image size-large\"><img loading=\"lazy\" decoding=\"async\" width=\"1024\" height=\"683\" src=\"https:\/\/www.wa2.se\/kontoret\/wp-content\/uploads\/2026\/04\/WA2_5679-kopia-1024x683.jpg\" alt=\"\" class=\"wp-image-1858\" srcset=\"https:\/\/www.wa2.se\/kontoret\/wp-content\/uploads\/2026\/04\/WA2_5679-kopia-1024x683.jpg 1024w, https:\/\/www.wa2.se\/kontoret\/wp-content\/uploads\/2026\/04\/WA2_5679-kopia-300x200.jpg 300w, https:\/\/www.wa2.se\/kontoret\/wp-content\/uploads\/2026\/04\/WA2_5679-kopia-768x512.jpg 768w, https:\/\/www.wa2.se\/kontoret\/wp-content\/uploads\/2026\/04\/WA2_5679-kopia-1536x1024.jpg 1536w, https:\/\/www.wa2.se\/kontoret\/wp-content\/uploads\/2026\/04\/WA2_5679-kopia-2048x1365.jpg 2048w, https:\/\/www.wa2.se\/kontoret\/wp-content\/uploads\/2026\/04\/WA2_5679-kopia-390x261.jpg 390w\" sizes=\"auto, (max-width: 1024px) 100vw, 1024px\" \/><\/figure>\n\n\n\n<p>Eftersom bron ocks\u00e5 utg\u00f6r en damm beh\u00f6vde \u00e4ven ett antal vatten\u00e5tg\u00e4rder utf\u00f6ras. Dessa omfattade \u00e5teruppf\u00f6rande av en f\u00f6rlorad f\u00f6rd\u00e4mningsv\u00e4gg mot dammen, t\u00e4tning av muren mot dammen med lera, samt nya spettluckor och br\u00e4ddning och nya eller justerade vattenr\u00e4nnor.<\/p>\n\n\n\n<figure class=\"wp-block-image size-large\"><img loading=\"lazy\" decoding=\"async\" width=\"1024\" height=\"683\" src=\"https:\/\/www.wa2.se\/kontoret\/wp-content\/uploads\/2026\/04\/WA2_5733-kopia-1024x683.jpg\" alt=\"\" class=\"wp-image-1859\" srcset=\"https:\/\/www.wa2.se\/kontoret\/wp-content\/uploads\/2026\/04\/WA2_5733-kopia-1024x683.jpg 1024w, https:\/\/www.wa2.se\/kontoret\/wp-content\/uploads\/2026\/04\/WA2_5733-kopia-300x200.jpg 300w, https:\/\/www.wa2.se\/kontoret\/wp-content\/uploads\/2026\/04\/WA2_5733-kopia-768x512.jpg 768w, https:\/\/www.wa2.se\/kontoret\/wp-content\/uploads\/2026\/04\/WA2_5733-kopia-1536x1024.jpg 1536w, https:\/\/www.wa2.se\/kontoret\/wp-content\/uploads\/2026\/04\/WA2_5733-kopia-2048x1365.jpg 2048w, https:\/\/www.wa2.se\/kontoret\/wp-content\/uploads\/2026\/04\/WA2_5733-kopia-390x261.jpg 390w\" sizes=\"auto, (max-width: 1024px) 100vw, 1024px\" \/><\/figure>\n\n\n\n<p>Vidare utf\u00f6rdes ett antal estetiska \u00e5tg\u00e4rder i form av oml\u00e4ggning av murkr\u00f6n l\u00e4ngs v\u00e4gbana, kontroll av dubbning samt justering av stenstolpar. En ny \u00f6verliggare i tr\u00e4 utf\u00f6rdes enligt \u00e4ldre bilder.<\/p>\n\n\n\n<figure class=\"wp-block-image size-large\"><img loading=\"lazy\" decoding=\"async\" width=\"1024\" height=\"683\" src=\"https:\/\/www.wa2.se\/kontoret\/wp-content\/uploads\/2026\/04\/WA2_5678-kopia-1024x683.jpg\" alt=\"\" class=\"wp-image-1860\" srcset=\"https:\/\/www.wa2.se\/kontoret\/wp-content\/uploads\/2026\/04\/WA2_5678-kopia-1024x683.jpg 1024w, https:\/\/www.wa2.se\/kontoret\/wp-content\/uploads\/2026\/04\/WA2_5678-kopia-300x200.jpg 300w, https:\/\/www.wa2.se\/kontoret\/wp-content\/uploads\/2026\/04\/WA2_5678-kopia-768x512.jpg 768w, https:\/\/www.wa2.se\/kontoret\/wp-content\/uploads\/2026\/04\/WA2_5678-kopia-1536x1024.jpg 1536w, https:\/\/www.wa2.se\/kontoret\/wp-content\/uploads\/2026\/04\/WA2_5678-kopia-2048x1365.jpg 2048w, https:\/\/www.wa2.se\/kontoret\/wp-content\/uploads\/2026\/04\/WA2_5678-kopia-390x261.jpg 390w\" sizes=\"auto, (max-width: 1024px) 100vw, 1024px\" \/><\/figure>\n\n\n\n<p>M\u00e5let med projektet var att s\u00e5 l\u00e5ngt m\u00f6jligt restaurera bron och f\u00f6rd\u00e4mningen med befintliga delar, traditionella material och metoder. I arbetet ingick d\u00e4rf\u00f6r att bevara murarnas olika karakt\u00e4r vilket ber\u00e4ttar om olika perioder i anl\u00e4ggningens historia s\u00e5som t.ex. olika typer av smide eller olika utf\u00f6rande p\u00e5 murverket.<\/p>\n\n\n\n<figure class=\"wp-block-image size-large\"><img loading=\"lazy\" decoding=\"async\" width=\"1024\" height=\"683\" src=\"https:\/\/www.wa2.se\/kontoret\/wp-content\/uploads\/2026\/04\/WA2_5675-kopia-1024x683.jpg\" alt=\"\" class=\"wp-image-1861\" srcset=\"https:\/\/www.wa2.se\/kontoret\/wp-content\/uploads\/2026\/04\/WA2_5675-kopia-1024x683.jpg 1024w, https:\/\/www.wa2.se\/kontoret\/wp-content\/uploads\/2026\/04\/WA2_5675-kopia-300x200.jpg 300w, https:\/\/www.wa2.se\/kontoret\/wp-content\/uploads\/2026\/04\/WA2_5675-kopia-768x512.jpg 768w, https:\/\/www.wa2.se\/kontoret\/wp-content\/uploads\/2026\/04\/WA2_5675-kopia-1536x1024.jpg 1536w, https:\/\/www.wa2.se\/kontoret\/wp-content\/uploads\/2026\/04\/WA2_5675-kopia-2048x1365.jpg 2048w, https:\/\/www.wa2.se\/kontoret\/wp-content\/uploads\/2026\/04\/WA2_5675-kopia-390x261.jpg 390w\" sizes=\"auto, (max-width: 1024px) 100vw, 1024px\" \/><\/figure>\n\n\n\n<p>Ankarslutar\/ankarj\u00e4rn finns exempelvis av n\u00e5gra olika typer. I pelaren mellan de tv\u00e5 valven finns en skadad ankarslut med sv\u00e4ngda sk\u00e4nklar. Formen h\u00f6r hemma i 1600-talet. De nyare ankarslutarna\/ankarj\u00e4rnen har raka kryss vilket h\u00f6r hemma i sent 1700-tal och fram\u00e5t mot 1800-talets mitt. Dessa har en st\u00e4mpel vilken utg\u00f6r huvudst\u00e4mpel f\u00f6r j\u00e4rnmanufaktur vid Brevens bruk. Brevens bruk anlades 1676 men det \u00e4r troligt att dessa j\u00e4rn inte \u00e4r tidigare \u00e4n sent 1700-tal. St\u00e4mpeln \u00e4r \u00e4ldre \u00e4n 1885. N\u00e4r dessa lades in s\u00e5 fanns allts\u00e5 inte egen produktion att tillg\u00e5 vid Kvarn.<\/p>\n\n\n\n<figure class=\"wp-block-image size-large\"><img loading=\"lazy\" decoding=\"async\" width=\"1024\" height=\"683\" src=\"https:\/\/www.wa2.se\/kontoret\/wp-content\/uploads\/2026\/04\/WA2_5706-kopia-1024x683.jpg\" alt=\"\" class=\"wp-image-1862\" srcset=\"https:\/\/www.wa2.se\/kontoret\/wp-content\/uploads\/2026\/04\/WA2_5706-kopia-1024x683.jpg 1024w, https:\/\/www.wa2.se\/kontoret\/wp-content\/uploads\/2026\/04\/WA2_5706-kopia-300x200.jpg 300w, https:\/\/www.wa2.se\/kontoret\/wp-content\/uploads\/2026\/04\/WA2_5706-kopia-768x512.jpg 768w, https:\/\/www.wa2.se\/kontoret\/wp-content\/uploads\/2026\/04\/WA2_5706-kopia-1536x1024.jpg 1536w, https:\/\/www.wa2.se\/kontoret\/wp-content\/uploads\/2026\/04\/WA2_5706-kopia-2048x1365.jpg 2048w, https:\/\/www.wa2.se\/kontoret\/wp-content\/uploads\/2026\/04\/WA2_5706-kopia-390x261.jpg 390w\" sizes=\"auto, (max-width: 1024px) 100vw, 1024px\" \/><\/figure>\n\n\n\n<p>Under entreprenaden kunde konstateras att bron och v\u00e4gbanan har h\u00f6jts vid ett par tillf\u00e4llen. Vid gr\u00e4vningsarbeten inf\u00f6r oml\u00e4ggning av murarna s\u00e5 kunde \u00e4ldre v\u00e4gbanor studeras. Dessa befann sig som l\u00e4gst ca 0,5 m under befintlig v\u00e4gyta. V\u00e4gbanan p\u00e5 den \u00e4ldre v\u00e4gen var till stora delar utf\u00f6rd av krossad slagg. Andelen slagg var avsev\u00e4rt mindre i de p\u00e5byggda marklagren. Man kan d\u00e4rmed anta att v\u00e4gbanan och bron har r\u00e4tats och h\u00f6jts n\u00e5gon g\u00e5ng efter j\u00e4rnbruksepoken. <\/p>\n\n\n\n<figure class=\"wp-block-image size-large\"><img loading=\"lazy\" decoding=\"async\" width=\"1024\" height=\"683\" src=\"https:\/\/www.wa2.se\/kontoret\/wp-content\/uploads\/2026\/04\/D5P_8505-kopia-1024x683.jpg\" alt=\"\" class=\"wp-image-1868\" srcset=\"https:\/\/www.wa2.se\/kontoret\/wp-content\/uploads\/2026\/04\/D5P_8505-kopia-1024x683.jpg 1024w, https:\/\/www.wa2.se\/kontoret\/wp-content\/uploads\/2026\/04\/D5P_8505-kopia-300x200.jpg 300w, https:\/\/www.wa2.se\/kontoret\/wp-content\/uploads\/2026\/04\/D5P_8505-kopia-768x512.jpg 768w, https:\/\/www.wa2.se\/kontoret\/wp-content\/uploads\/2026\/04\/D5P_8505-kopia-1536x1024.jpg 1536w, https:\/\/www.wa2.se\/kontoret\/wp-content\/uploads\/2026\/04\/D5P_8505-kopia-2048x1365.jpg 2048w, https:\/\/www.wa2.se\/kontoret\/wp-content\/uploads\/2026\/04\/D5P_8505-kopia-390x261.jpg 390w\" sizes=\"auto, (max-width: 1024px) 100vw, 1024px\" \/><\/figure>\n\n\n\n<p>Troligen har ombyggnaden av bron ett samband med uppf\u00f6rande den nuvarande herrg\u00e5rdsbyggnaden, vilken ritades och uppf\u00f6rdes av storbyggm\u00e4staren Abraham Nystr\u00f6m 1831, eller \u00e5teruppf\u00f6randet av denna p\u00e5 1860-talet. Detta antagande styrks av att v\u00e4gbanan avgr\u00e4nsas av st\u00f6rre tillpassade stenblock av en annan karakt\u00e4r \u00e4n den \u00f6vriga brokonstruktionen.<\/p>\n\n\n\n<figure class=\"wp-block-image size-large\"><img loading=\"lazy\" decoding=\"async\" width=\"1024\" height=\"683\" src=\"https:\/\/www.wa2.se\/kontoret\/wp-content\/uploads\/2026\/04\/D5P_7883-kopia-1-1024x683.jpg\" alt=\"\" class=\"wp-image-1866\" srcset=\"https:\/\/www.wa2.se\/kontoret\/wp-content\/uploads\/2026\/04\/D5P_7883-kopia-1-1024x683.jpg 1024w, https:\/\/www.wa2.se\/kontoret\/wp-content\/uploads\/2026\/04\/D5P_7883-kopia-1-300x200.jpg 300w, https:\/\/www.wa2.se\/kontoret\/wp-content\/uploads\/2026\/04\/D5P_7883-kopia-1-768x512.jpg 768w, https:\/\/www.wa2.se\/kontoret\/wp-content\/uploads\/2026\/04\/D5P_7883-kopia-1-1536x1024.jpg 1536w, https:\/\/www.wa2.se\/kontoret\/wp-content\/uploads\/2026\/04\/D5P_7883-kopia-1-2048x1365.jpg 2048w, https:\/\/www.wa2.se\/kontoret\/wp-content\/uploads\/2026\/04\/D5P_7883-kopia-1-390x261.jpg 390w\" sizes=\"auto, (max-width: 1024px) 100vw, 1024px\" \/><\/figure>\n\n\n\n<p>Arbetet har utf\u00f6rts genom att del f\u00f6r del av mantelmurar och fyllning har demonterats och \u00e5termonterats innan n\u00e4sta etapp genomf\u00f6rts. Vid arbetet har gr\u00e4vmaskin anv\u00e4nts. Stenen har \u00e5termonterats i manteln lika tidigare, men viss tillpassning har skett f\u00f6r att f\u00e5 en t\u00e4t och stabil mur. Huggningen av stenen har skett med handverktyg och traditionella metoder. Muren har efter avslutad l\u00e4ggning skolats med mindre stenflisor, detta f\u00f6r att minska risken f\u00f6r etablering av v\u00e4xtlighet etc.<\/p>\n\n\n\n<figure class=\"wp-block-image size-large\"><img loading=\"lazy\" decoding=\"async\" width=\"1024\" height=\"683\" src=\"https:\/\/www.wa2.se\/kontoret\/wp-content\/uploads\/2026\/04\/D5P_7884-kopia-1-1024x683.jpg\" alt=\"\" class=\"wp-image-1867\" srcset=\"https:\/\/www.wa2.se\/kontoret\/wp-content\/uploads\/2026\/04\/D5P_7884-kopia-1-1024x683.jpg 1024w, https:\/\/www.wa2.se\/kontoret\/wp-content\/uploads\/2026\/04\/D5P_7884-kopia-1-300x200.jpg 300w, https:\/\/www.wa2.se\/kontoret\/wp-content\/uploads\/2026\/04\/D5P_7884-kopia-1-768x512.jpg 768w, https:\/\/www.wa2.se\/kontoret\/wp-content\/uploads\/2026\/04\/D5P_7884-kopia-1-1536x1024.jpg 1536w, https:\/\/www.wa2.se\/kontoret\/wp-content\/uploads\/2026\/04\/D5P_7884-kopia-1-2048x1365.jpg 2048w, https:\/\/www.wa2.se\/kontoret\/wp-content\/uploads\/2026\/04\/D5P_7884-kopia-1-390x261.jpg 390w\" sizes=\"auto, (max-width: 1024px) 100vw, 1024px\" \/><\/figure>\n\n\n\n<p>Mot dammen har jordfyllningen mot murverket i stort sett helt avl\u00e4gsnats och kallmuren har t\u00e4tats med lera innan \u00e5terfyllning. Sj\u00e4lva d\u00e4mmet har \u00e4ven renoverats, dels med t\u00e4tning av bron d\u00e4r den fungerar som damm, dels med nya spettluckor och ett nytt spett f\u00f6r reglering och t\u00f6mning av dammen. Tidigare reglering skedde med luckor vilka hanterades med traktor och sling. Luckorna \u00e4r utf\u00f6rda i ek som tj\u00e4rats, de h\u00e5lls samman med vertikala g\u00e4ngst\u00e4nger samt p\u00e5skruvade narar. Smidet \u00e4r av svetsat profilst\u00e5l som m\u00e5lats med linoljef\u00e4rg.<\/p>\n\n\n\n<figure class=\"wp-block-image size-large\"><img loading=\"lazy\" decoding=\"async\" width=\"1024\" height=\"683\" src=\"https:\/\/www.wa2.se\/kontoret\/wp-content\/uploads\/2026\/04\/D5P_8500-kopia-1024x683.jpg\" alt=\"\" class=\"wp-image-1863\" srcset=\"https:\/\/www.wa2.se\/kontoret\/wp-content\/uploads\/2026\/04\/D5P_8500-kopia-1024x683.jpg 1024w, https:\/\/www.wa2.se\/kontoret\/wp-content\/uploads\/2026\/04\/D5P_8500-kopia-300x200.jpg 300w, https:\/\/www.wa2.se\/kontoret\/wp-content\/uploads\/2026\/04\/D5P_8500-kopia-768x512.jpg 768w, https:\/\/www.wa2.se\/kontoret\/wp-content\/uploads\/2026\/04\/D5P_8500-kopia-1536x1024.jpg 1536w, https:\/\/www.wa2.se\/kontoret\/wp-content\/uploads\/2026\/04\/D5P_8500-kopia-2048x1365.jpg 2048w, https:\/\/www.wa2.se\/kontoret\/wp-content\/uploads\/2026\/04\/D5P_8500-kopia-390x261.jpg 390w\" sizes=\"auto, (max-width: 1024px) 100vw, 1024px\" \/><\/figure>\n\n\n\n<p>Ett stort arbete har lagts ner p\u00e5 vattenr\u00e4nnorna f\u00f6r att f\u00f6rs\u00f6ka f\u00e5 dessa t\u00e4ta. I samband med t\u00f6mingen av dammen noterades \u00e4ven att den mittersta vattendelaren var underminerad. Ny grund utf\u00f6rdes i betong, vilket \u00e4r samma material som vattendelaren \u00e4r utf\u00f6rd i. <\/p>\n\n\n\n<figure class=\"wp-block-image size-large\"><img loading=\"lazy\" decoding=\"async\" width=\"1024\" height=\"683\" src=\"https:\/\/www.wa2.se\/kontoret\/wp-content\/uploads\/2026\/04\/D5P_8510-kopia-1024x683.jpg\" alt=\"\" class=\"wp-image-1864\" srcset=\"https:\/\/www.wa2.se\/kontoret\/wp-content\/uploads\/2026\/04\/D5P_8510-kopia-1024x683.jpg 1024w, https:\/\/www.wa2.se\/kontoret\/wp-content\/uploads\/2026\/04\/D5P_8510-kopia-300x200.jpg 300w, https:\/\/www.wa2.se\/kontoret\/wp-content\/uploads\/2026\/04\/D5P_8510-kopia-768x512.jpg 768w, https:\/\/www.wa2.se\/kontoret\/wp-content\/uploads\/2026\/04\/D5P_8510-kopia-1536x1024.jpg 1536w, https:\/\/www.wa2.se\/kontoret\/wp-content\/uploads\/2026\/04\/D5P_8510-kopia-2048x1365.jpg 2048w, https:\/\/www.wa2.se\/kontoret\/wp-content\/uploads\/2026\/04\/D5P_8510-kopia-390x261.jpg 390w\" sizes=\"auto, (max-width: 1024px) 100vw, 1024px\" \/><\/figure>\n\n\n\n<p>Smidesdetaljer har rostskyddats. Pollarna som h\u00e5ller r\u00e4cket l\u00e4ngs v\u00e4gen har \u00e5termonterats, men deras inb\u00f6rdes l\u00e4ge har justerats s\u00e5 att \u00f6verkanten linjerade b\u00e4ttre f\u00f6r att \u201dj\u00e4mna ut\u201d tr\u00e4\u00f6verliggarens form. \u00d6verliggarna \u00e4r sammanfogade med halvningar och de har tj\u00e4rats. En ny \u201dgrind\u201d har tillfogats vid utg\u00e5ngen mot kraftverket. En kraftigare elkabel som l\u00f6pte l\u00e4ngs \u00f6verliggaren har f\u00f6rlagts i mark.<\/p>\n\n\n\n<figure class=\"wp-block-image size-large\"><img loading=\"lazy\" decoding=\"async\" width=\"1024\" height=\"683\" src=\"https:\/\/www.wa2.se\/kontoret\/wp-content\/uploads\/2026\/04\/D5P_8493-kopia-1024x683.jpg\" alt=\"\" class=\"wp-image-1865\" srcset=\"https:\/\/www.wa2.se\/kontoret\/wp-content\/uploads\/2026\/04\/D5P_8493-kopia-1024x683.jpg 1024w, https:\/\/www.wa2.se\/kontoret\/wp-content\/uploads\/2026\/04\/D5P_8493-kopia-300x200.jpg 300w, https:\/\/www.wa2.se\/kontoret\/wp-content\/uploads\/2026\/04\/D5P_8493-kopia-768x512.jpg 768w, https:\/\/www.wa2.se\/kontoret\/wp-content\/uploads\/2026\/04\/D5P_8493-kopia-1536x1024.jpg 1536w, https:\/\/www.wa2.se\/kontoret\/wp-content\/uploads\/2026\/04\/D5P_8493-kopia-2048x1365.jpg 2048w, https:\/\/www.wa2.se\/kontoret\/wp-content\/uploads\/2026\/04\/D5P_8493-kopia-390x261.jpg 390w\" sizes=\"auto, (max-width: 1024px) 100vw, 1024px\" \/><\/figure>\n\n\n\n<p>Arbetena utf\u00f6rdes p\u00e5 ett f\u00f6rtj\u00e4nstfullt s\u00e4tt av Svea Sten Stenm\u00e4star&#8217;n \u00d6st och St\u00e5th\u00f6ga Verkstad.<\/p>\n","protected":false},"excerpt":{"rendered":"<p>P\u00e5 uppdrag av fastighets\u00e4garen har Wilund arkitekter och antikvarier projekterat och medverkat i en restaurering av stenvalvsbron vid Kvarns herrg\u00e5rd. Bron \u00e4r skyddad som fornl\u00e4mning och en del av den industrihistoriska milj\u00f6n vid Kvarn. Arbetena utf\u00f6rdes delvis med bidrag fr\u00e5n L\u00e4nsstyrelsen. Bron \u00e4r ca 40 m l\u00e5ng, kallmurad och har tv\u00e5 valv. Den utg\u00f6r b\u00e5de bro och f\u00f6rd\u00e4mning. Historiskt har f\u00f6rd\u00e4mningen anv\u00e4nts f\u00f6r att driva b\u00e5de kvarn, s\u00e5g och hammare vid Kvarn. Den nuvarande brons \u00e5lder \u00e4r inte n\u00e4rmare k\u00e4nd, men den uppvisar flera olika murverk samt ankarj\u00e4rn av olika \u00e5lder, och den har d\u00e4rf\u00f6r sannolikt byggts om eller reparerats <a class=\"more-link\" href=\"https:\/\/www.wa2.se\/kontoret\/restaurering\/stenvalvsbron-vid-kvarns-herrgard\/\">Forts&auml;ttning &rarr;<\/a><\/p>\n","protected":false},"author":2,"featured_media":1859,"comment_status":"closed","ping_status":"closed","sticky":false,"template":"","format":"standard","meta":{"footnotes":""},"categories":[71,7,59,35,60,32,54,15,43,31,55,13,38,17,8,5,62],"tags":[],"class_list":["post-1845","post","type-post","status-publish","format-standard","has-post-thumbnail","hentry","category-aktuellt","category-antikvarier","category-antikvarisk-medverkan-enl-kml","category-sakkunnig","category-bidragsarende","category-fornminne","category-industri","category-herrgardar","category-industrihistoria","category-k_markt","category-kvarn","category-landskapsarkitektur","category-mur","category-ostergotland","category-projektering","category-restaurering","category-uppmatning-3d-uppmatning"],"_links":{"self":[{"href":"https:\/\/www.wa2.se\/kontoret\/wp-json\/wp\/v2\/posts\/1845","targetHints":{"allow":["GET"]}}],"collection":[{"href":"https:\/\/www.wa2.se\/kontoret\/wp-json\/wp\/v2\/posts"}],"about":[{"href":"https:\/\/www.wa2.se\/kontoret\/wp-json\/wp\/v2\/types\/post"}],"author":[{"embeddable":true,"href":"https:\/\/www.wa2.se\/kontoret\/wp-json\/wp\/v2\/users\/2"}],"replies":[{"embeddable":true,"href":"https:\/\/www.wa2.se\/kontoret\/wp-json\/wp\/v2\/comments?post=1845"}],"version-history":[{"count":5,"href":"https:\/\/www.wa2.se\/kontoret\/wp-json\/wp\/v2\/posts\/1845\/revisions"}],"predecessor-version":[{"id":1870,"href":"https:\/\/www.wa2.se\/kontoret\/wp-json\/wp\/v2\/posts\/1845\/revisions\/1870"}],"wp:featuredmedia":[{"embeddable":true,"href":"https:\/\/www.wa2.se\/kontoret\/wp-json\/wp\/v2\/media\/1859"}],"wp:attachment":[{"href":"https:\/\/www.wa2.se\/kontoret\/wp-json\/wp\/v2\/media?parent=1845"}],"wp:term":[{"taxonomy":"category","embeddable":true,"href":"https:\/\/www.wa2.se\/kontoret\/wp-json\/wp\/v2\/categories?post=1845"},{"taxonomy":"post_tag","embeddable":true,"href":"https:\/\/www.wa2.se\/kontoret\/wp-json\/wp\/v2\/tags?post=1845"}],"curies":[{"name":"wp","href":"https:\/\/api.w.org\/{rel}","templated":true}]}}