{"id":690,"date":"2014-02-20T13:20:30","date_gmt":"2014-02-20T12:20:30","guid":{"rendered":"http:\/\/www.wa2.se\/kontoret\/?p=690"},"modified":"2014-02-20T13:20:30","modified_gmt":"2014-02-20T12:20:30","slug":"oster-malma-2","status":"publish","type":"post","link":"https:\/\/www.wa2.se\/kontoret\/projektering\/oster-malma-2\/","title":{"rendered":"\u00d6ster Malma"},"content":{"rendered":"<p>Herrg\u00e5rden \u00d6ster Malma i S\u00f6dermanland byggdes p\u00e5 1660-talet av generaltullf\u00f6rvaltaren Wilhelm Drakenhjelm arkitekt var Jean de la Val\u00e9e. Anl\u00e4ggningen bestod ursprungligen av huvudbyggnaden med terrasser och tv\u00e5 flyglar ut mot sj\u00f6n i s\u00f6der, senare kompletterad med tv\u00e5 sv\u00e4ngda flyglar p\u00e5 1700-talet.<\/p>\n<p>Vi har arbetat med dr\u00e4neringsproblematik. Huvudbyggnaden st\u00e5r p\u00e5 en bergsbrant och k\u00e4llaren har tre v\u00e5ningar under cour de honneur. L\u00e4get g\u00f6r att intr\u00e4ngande vatten \u00e4r ett problem i huvudbyggnaden och flyglarna. \u00c5tg\u00e4rderna utg\u00e5r ifr\u00e5n att inga ingrepp g\u00f6rs p\u00e5 bygganderna utan vi arbetar uteslutande med iordningst\u00e4llande av befintligt dagvattenssystem, markduk av gummi och markr\u00e4nnor samt naturligt fall.<\/p>\n","protected":false},"excerpt":{"rendered":"<p>Herrg\u00e5rden \u00d6ster Malma i S\u00f6dermanland byggdes p\u00e5 1660-talet av generaltullf\u00f6rvaltaren Wilhelm Drakenhjelm arkitekt var Jean de la Val\u00e9e. Anl\u00e4ggningen bestod ursprungligen av huvudbyggnaden med terrasser och tv\u00e5 flyglar ut mot sj\u00f6n i s\u00f6der, senare kompletterad med tv\u00e5 sv\u00e4ngda flyglar p\u00e5 1700-talet. Vi har arbetat med dr\u00e4neringsproblematik. Huvudbyggnaden st\u00e5r p\u00e5 en bergsbrant och k\u00e4llaren har tre v\u00e5ningar under cour de honneur. L\u00e4get g\u00f6r att intr\u00e4ngande vatten \u00e4r ett problem i huvudbyggnaden och flyglarna. \u00c5tg\u00e4rderna utg\u00e5r ifr\u00e5n att inga ingrepp g\u00f6rs p\u00e5 bygganderna utan vi arbetar uteslutande med iordningst\u00e4llande av befintligt dagvattenssystem, markduk av gummi och markr\u00e4nnor samt naturligt fall.<\/p>\n","protected":false},"author":2,"featured_media":381,"comment_status":"closed","ping_status":"closed","sticky":false,"template":"","format":"standard","meta":{"footnotes":""},"categories":[29,15,13,8,19],"tags":[],"class_list":["post-690","post","type-post","status-publish","format-standard","has-post-thumbnail","hentry","category-byggnadsminne","category-herrgardar","category-landskapsarkitektur","category-projektering","category-sodermanland"],"_links":{"self":[{"href":"https:\/\/www.wa2.se\/kontoret\/wp-json\/wp\/v2\/posts\/690","targetHints":{"allow":["GET"]}}],"collection":[{"href":"https:\/\/www.wa2.se\/kontoret\/wp-json\/wp\/v2\/posts"}],"about":[{"href":"https:\/\/www.wa2.se\/kontoret\/wp-json\/wp\/v2\/types\/post"}],"author":[{"embeddable":true,"href":"https:\/\/www.wa2.se\/kontoret\/wp-json\/wp\/v2\/users\/2"}],"replies":[{"embeddable":true,"href":"https:\/\/www.wa2.se\/kontoret\/wp-json\/wp\/v2\/comments?post=690"}],"version-history":[{"count":1,"href":"https:\/\/www.wa2.se\/kontoret\/wp-json\/wp\/v2\/posts\/690\/revisions"}],"predecessor-version":[{"id":691,"href":"https:\/\/www.wa2.se\/kontoret\/wp-json\/wp\/v2\/posts\/690\/revisions\/691"}],"wp:featuredmedia":[{"embeddable":true,"href":"https:\/\/www.wa2.se\/kontoret\/wp-json\/wp\/v2\/media\/381"}],"wp:attachment":[{"href":"https:\/\/www.wa2.se\/kontoret\/wp-json\/wp\/v2\/media?parent=690"}],"wp:term":[{"taxonomy":"category","embeddable":true,"href":"https:\/\/www.wa2.se\/kontoret\/wp-json\/wp\/v2\/categories?post=690"},{"taxonomy":"post_tag","embeddable":true,"href":"https:\/\/www.wa2.se\/kontoret\/wp-json\/wp\/v2\/tags?post=690"}],"curies":[{"name":"wp","href":"https:\/\/api.w.org\/{rel}","templated":true}]}}