{"id":703,"date":"2014-02-20T14:03:10","date_gmt":"2014-02-20T13:03:10","guid":{"rendered":"http:\/\/www.wa2.se\/kontoret\/?p=703"},"modified":"2014-02-20T14:04:30","modified_gmt":"2014-02-20T13:04:30","slug":"karna-kyrka-2","status":"publish","type":"post","link":"https:\/\/www.wa2.se\/kontoret\/arkitektur\/karna-kyrka-2\/","title":{"rendered":"K\u00e4rna kyrka"},"content":{"rendered":"<p>K\u00e4rna kyrka hade best\u00e4llt en ny kororgel. F\u00f6r att st\u00e4lla upp den kr\u00e4vdes ombyggnad av s\u00f6dra korsarmen. \u00d6nskem\u00e5l fanns \u00e4ven om att anpassa altaret och kn\u00e4fallet samt f\u00f6rb\u00e4ttra tillg\u00e4ngligheten och arbetsmilj\u00f6n.<\/p>\n<p>Vi har ritat ett nytt golv i s\u00f6dra korsarmen, ett g\u00f6mt l\u00e4ge f\u00f6r orgelfl\u00e4kten samt ramp i mittg\u00e5ngen och en tillg\u00e4nglig v\u00e4g fram till kyrkan p\u00e5 kyrkog\u00e5rden. Dessutom utf\u00f6rs ett antal mindre \u00e5tg\u00e4rder avseende tr\u00f6sklar och niv\u00e5skillnader.<\/p>\n<p>I samband med \u00e5tg\u00e4rderna \u00e5terskapas tidigare rivna b\u00e4nkkvarter i norra korsarmen.<\/p>\n<p>Vi har \u00e4ven gjort v\u00e5rd- och underh\u00e5llsplan f\u00f6r kyrkan i ett tidigare skede.<\/p>\n","protected":false},"excerpt":{"rendered":"<p>K\u00e4rna kyrka hade best\u00e4llt en ny kororgel. F\u00f6r att st\u00e4lla upp den kr\u00e4vdes ombyggnad av s\u00f6dra korsarmen. \u00d6nskem\u00e5l fanns \u00e4ven om att anpassa altaret och kn\u00e4fallet samt f\u00f6rb\u00e4ttra tillg\u00e4ngligheten och arbetsmilj\u00f6n. Vi har ritat ett nytt golv i s\u00f6dra korsarmen, ett g\u00f6mt l\u00e4ge f\u00f6r orgelfl\u00e4kten samt ramp i mittg\u00e5ngen och en tillg\u00e4nglig v\u00e4g fram till kyrkan p\u00e5 kyrkog\u00e5rden. Dessutom utf\u00f6rs ett antal mindre \u00e5tg\u00e4rder avseende tr\u00f6sklar och niv\u00e5skillnader. I samband med \u00e5tg\u00e4rderna \u00e5terskapas tidigare rivna b\u00e4nkkvarter i norra korsarmen. Vi har \u00e4ven gjort v\u00e5rd- och underh\u00e5llsplan f\u00f6r kyrkan i ett tidigare skede.<\/p>\n","protected":false},"author":2,"featured_media":705,"comment_status":"closed","ping_status":"closed","sticky":false,"template":"","format":"standard","meta":{"footnotes":""},"categories":[1,52,3,36],"tags":[],"class_list":["post-703","post","type-post","status-publish","format-standard","has-post-thumbnail","hentry","category-arkitektur","category-kyrkligt-byggnadsminne","category-kyrkor","category-tillganglighet"],"_links":{"self":[{"href":"https:\/\/www.wa2.se\/kontoret\/wp-json\/wp\/v2\/posts\/703","targetHints":{"allow":["GET"]}}],"collection":[{"href":"https:\/\/www.wa2.se\/kontoret\/wp-json\/wp\/v2\/posts"}],"about":[{"href":"https:\/\/www.wa2.se\/kontoret\/wp-json\/wp\/v2\/types\/post"}],"author":[{"embeddable":true,"href":"https:\/\/www.wa2.se\/kontoret\/wp-json\/wp\/v2\/users\/2"}],"replies":[{"embeddable":true,"href":"https:\/\/www.wa2.se\/kontoret\/wp-json\/wp\/v2\/comments?post=703"}],"version-history":[{"count":3,"href":"https:\/\/www.wa2.se\/kontoret\/wp-json\/wp\/v2\/posts\/703\/revisions"}],"predecessor-version":[{"id":710,"href":"https:\/\/www.wa2.se\/kontoret\/wp-json\/wp\/v2\/posts\/703\/revisions\/710"}],"wp:featuredmedia":[{"embeddable":true,"href":"https:\/\/www.wa2.se\/kontoret\/wp-json\/wp\/v2\/media\/705"}],"wp:attachment":[{"href":"https:\/\/www.wa2.se\/kontoret\/wp-json\/wp\/v2\/media?parent=703"}],"wp:term":[{"taxonomy":"category","embeddable":true,"href":"https:\/\/www.wa2.se\/kontoret\/wp-json\/wp\/v2\/categories?post=703"},{"taxonomy":"post_tag","embeddable":true,"href":"https:\/\/www.wa2.se\/kontoret\/wp-json\/wp\/v2\/tags?post=703"}],"curies":[{"name":"wp","href":"https:\/\/api.w.org\/{rel}","templated":true}]}}