{"id":722,"date":"2014-02-20T14:57:11","date_gmt":"2014-02-20T13:57:11","guid":{"rendered":"http:\/\/www.wa2.se\/kontoret\/?p=722"},"modified":"2014-02-20T14:57:49","modified_gmt":"2014-02-20T13:57:49","slug":"kvarnen-ericsberg","status":"publish","type":"post","link":"https:\/\/www.wa2.se\/kontoret\/sodermanland\/kvarnen-ericsberg\/","title":{"rendered":"Kvarnen Ericsberg"},"content":{"rendered":"<p>Vattenkvarnen vid Ericsberg har en mycket l\u00e5ng historia och omn\u00e4mns i skriftliga k\u00e4llor redan 1550. I skatte- och mantalsl\u00e4ngden f\u00f6r Oppunda h\u00e4rad, Malms socken omn\u00e4mns den som J\u00fcrfors qwarn. Samma k\u00e4llor omn\u00e4mner den igen 1573. Troligtvis hade d\u00e5 str\u00f6mmen brukats som kraftk\u00e4lla sedan l\u00e4nge. N\u00e4r den f\u00f6rsta vattenkvarnen byggdes \u00e4r d\u00e4remot oklart.\u00a0 F\u00f6rsta avbildning p\u00e5 karta \u00e4r f\u00f6rst fr\u00e5n 1684. Femton \u00e5r senare f\u00f6rekommer b\u00e5de en s\u00e5gkvarn och mj\u00f6lkvarn p\u00e5 en mycket detaljerad karta. Vid den tidpunkten \u00e4r ocks\u00e5 den m\u00e4ktiga slottsbyggnaden i s\u00f6der med sin barockpark och flygelbyggnader en realitet. Fram till 1900-talet gick troligen huvudv\u00e4gen upp till slottet framf\u00f6r kvarnen.<\/p>\n<p>Den nuvarande takbyggnaden uppf\u00f6rdes till sin huvuddel p\u00e5 1700-talet, antingen 1757 eller enligt en inskription 1789. Det f\u00f6renklade s\u00e4teritaket ger kvarnen en viss karolinsk karakt\u00e4r, vilket tillsammans med dess f\u00e4rgs\u00e4ttningen knyter an byggnaden till de \u00f6vriga i slottsomr\u00e5det. Enligt en m\u00e5lning 1818 har kvarnen i allt v\u00e4sentligt sitt nuvarande utseende. En karta fr\u00e5n 1844 bekr\u00e4ftar att bron \u00f6ver forsen f\u00e5tt sin nuvarande str\u00e4ckning i slottets mittaxel, vilket b\u00f6r ha skett betydligt tidigare. De f\u00f6r\u00e4ndringar som skett d\u00e4refter h\u00f6r till 1900-talet. En generator och elverk tillkom p\u00e5 1910-talet, f\u00f6r att l\u00e4ggas ner p\u00e5 1960-talet. Kvarnen var i bruk till \u00e5r 1970, d\u00e5 den sista mj\u00f6lnaren Jonasson lade ner sin verksamhet. Sedan dess st\u00e5r allts\u00e5 kvarnen kvar dels som ett monument \u00f6ver en flerhundra\u00e5rig kvarnepok men ocks\u00e5 som en v\u00e4sentlig del av slottsmilj\u00f6n vid Ericsberg. N\u00e4r kvarnen lades ner l\u00e4mnade man kvar maskineri, utrustning och andra sp\u00e5r av driften vilket g\u00f6r den till ett sp\u00e4nnande kulturmilj\u00f6. \u00c4garna har d\u00e4rf\u00f6r planer p\u00e5 att visa kvarnen f\u00f6r bes\u00f6kare och f\u00f6rhoppningar finns om att \u00e5ter m\u00f6jligg\u00f6ra drift av museala sk\u00e4l.<\/p>\n<p>Vi arbetade med en takoml\u00e4ggning som \u00e4ven omfattade byte av r\u00f6tskadat h\u00f6gben och dito underlagspanel\/faltak. samt pl\u00e5tslageriarbeten.\u00a0 Arbetet utf\u00f6rdes under vintern 2012-2013.<\/p>\n<p><a href=\"http:\/\/www.wa2.se\/kontoret\/wp-content\/uploads\/2014\/02\/ABC_1392.jpg\"><img loading=\"lazy\" decoding=\"async\" class=\"alignnone size-medium wp-image-725\" alt=\"ABC_1392\" src=\"http:\/\/www.wa2.se\/kontoret\/wp-content\/uploads\/2014\/02\/ABC_1392-300x200.jpg\" width=\"300\" height=\"200\" srcset=\"https:\/\/www.wa2.se\/kontoret\/wp-content\/uploads\/2014\/02\/ABC_1392-300x200.jpg 300w, https:\/\/www.wa2.se\/kontoret\/wp-content\/uploads\/2014\/02\/ABC_1392-1024x683.jpg 1024w, https:\/\/www.wa2.se\/kontoret\/wp-content\/uploads\/2014\/02\/ABC_1392-690x462.jpg 690w, https:\/\/www.wa2.se\/kontoret\/wp-content\/uploads\/2014\/02\/ABC_1392-390x261.jpg 390w\" sizes=\"auto, (max-width: 300px) 100vw, 300px\" \/><\/a><\/p>\n<p>Kvarnens takkonstruktion, teglet ligger p\u00e5 l\u00e4kt som \u00e4r spikat p\u00e5 ett faltak. Vid oml\u00e4ggningen \u00e4ndrades inte denna konstruktion, vi bed\u00f6mde att takets \u00f6ppna konstruktion aktivt medverkade till att det inte blev kondensproblematik p\u00e5 innertakets undersida. Kvarnen st\u00e5r ju i en sj\u00f6 med vatten under vissa delar.<\/p>\n<p><a href=\"http:\/\/www.wa2.se\/kontoret\/wp-content\/uploads\/2014\/02\/FIN_7592.jpg\"><img loading=\"lazy\" decoding=\"async\" class=\"alignnone size-medium wp-image-724\" alt=\"FIN_7592\" src=\"http:\/\/www.wa2.se\/kontoret\/wp-content\/uploads\/2014\/02\/FIN_7592-300x199.jpg\" width=\"300\" height=\"199\" srcset=\"https:\/\/www.wa2.se\/kontoret\/wp-content\/uploads\/2014\/02\/FIN_7592-300x199.jpg 300w, https:\/\/www.wa2.se\/kontoret\/wp-content\/uploads\/2014\/02\/FIN_7592-1024x680.jpg 1024w\" sizes=\"auto, (max-width: 300px) 100vw, 300px\" \/><\/a><\/p>\n<p>En liten detalj, nockpl\u00e5tarna\u00a0 var spikade och \u00f6ver varje spik fanns ett litet finurligt skyddstak av vikt pl\u00e5t. Detta \u00e5terskapades av pl\u00e5tslagarna p\u00e5 det nya pl\u00e5tdelarna.<\/p>\n","protected":false},"excerpt":{"rendered":"<p>Vattenkvarnen vid Ericsberg har en mycket l\u00e5ng historia och omn\u00e4mns i skriftliga k\u00e4llor redan 1550. I skatte- och mantalsl\u00e4ngden f\u00f6r Oppunda h\u00e4rad, Malms socken omn\u00e4mns den som J\u00fcrfors qwarn. Samma k\u00e4llor omn\u00e4mner den igen 1573. Troligtvis hade d\u00e5 str\u00f6mmen brukats som kraftk\u00e4lla sedan l\u00e4nge. N\u00e4r den f\u00f6rsta vattenkvarnen byggdes \u00e4r d\u00e4remot oklart.\u00a0 F\u00f6rsta avbildning p\u00e5 karta \u00e4r f\u00f6rst fr\u00e5n 1684. Femton \u00e5r senare f\u00f6rekommer b\u00e5de en s\u00e5gkvarn och mj\u00f6lkvarn p\u00e5 en mycket detaljerad karta. Vid den tidpunkten \u00e4r ocks\u00e5 den m\u00e4ktiga slottsbyggnaden i s\u00f6der med sin barockpark och flygelbyggnader en realitet. Fram till 1900-talet gick troligen huvudv\u00e4gen upp till slottet <a class=\"more-link\" href=\"https:\/\/www.wa2.se\/kontoret\/sodermanland\/kvarnen-ericsberg\/\">Forts&auml;ttning &rarr;<\/a><\/p>\n","protected":false},"author":2,"featured_media":723,"comment_status":"closed","ping_status":"closed","sticky":false,"template":"","format":"standard","meta":{"footnotes":""},"categories":[60,54,55,19,27],"tags":[],"class_list":["post-722","post","type-post","status-publish","format-standard","has-post-thumbnail","hentry","category-bidragsarende","category-industri","category-kvarn","category-sodermanland","category-tak"],"_links":{"self":[{"href":"https:\/\/www.wa2.se\/kontoret\/wp-json\/wp\/v2\/posts\/722","targetHints":{"allow":["GET"]}}],"collection":[{"href":"https:\/\/www.wa2.se\/kontoret\/wp-json\/wp\/v2\/posts"}],"about":[{"href":"https:\/\/www.wa2.se\/kontoret\/wp-json\/wp\/v2\/types\/post"}],"author":[{"embeddable":true,"href":"https:\/\/www.wa2.se\/kontoret\/wp-json\/wp\/v2\/users\/2"}],"replies":[{"embeddable":true,"href":"https:\/\/www.wa2.se\/kontoret\/wp-json\/wp\/v2\/comments?post=722"}],"version-history":[{"count":2,"href":"https:\/\/www.wa2.se\/kontoret\/wp-json\/wp\/v2\/posts\/722\/revisions"}],"predecessor-version":[{"id":727,"href":"https:\/\/www.wa2.se\/kontoret\/wp-json\/wp\/v2\/posts\/722\/revisions\/727"}],"wp:featuredmedia":[{"embeddable":true,"href":"https:\/\/www.wa2.se\/kontoret\/wp-json\/wp\/v2\/media\/723"}],"wp:attachment":[{"href":"https:\/\/www.wa2.se\/kontoret\/wp-json\/wp\/v2\/media?parent=722"}],"wp:term":[{"taxonomy":"category","embeddable":true,"href":"https:\/\/www.wa2.se\/kontoret\/wp-json\/wp\/v2\/categories?post=722"},{"taxonomy":"post_tag","embeddable":true,"href":"https:\/\/www.wa2.se\/kontoret\/wp-json\/wp\/v2\/tags?post=722"}],"curies":[{"name":"wp","href":"https:\/\/api.w.org\/{rel}","templated":true}]}}